{"id":10455,"date":"2019-03-05T10:18:59","date_gmt":"2019-03-05T09:18:59","guid":{"rendered":"https:\/\/www.cic.es\/jornada-idi-open-house-tecnologia-movilidad\/"},"modified":"2025-11-27T13:50:53","modified_gmt":"2025-11-27T12:50:53","slug":"the-future-of-adapted-technologies-for-mobility","status":"publish","type":"post","link":"https:\/\/www.cic.es\/en\/the-future-of-adapted-technologies-for-mobility\/","title":{"rendered":"Conference on the Future of Adapted Technologies for Mobility"},"content":{"rendered":"\n<h2 class=\"wp-block-heading\"><strong>This past February 19th an R&amp;D Open House was held, where the future of technologies for mobility was studied.<\/strong><\/h2>\n\n\n\n<p>The conference was organized by <a href=\"https:\/\/www.railgrup.net\/\" target=\"_blank\" rel=\"noreferrer noopener\">Railgrup <\/a>and CIC Consulting Inform\u00e1tico.\u00a0 Participants were able to share their knowledge, interact, help in the decision making process and enjoy a good day&#8217;s work.<\/p>\n\n\n\n<p>A bus took the assistants from the city centre of Santander to CIC\u00b4s installations in the science and technology park (PCTCAN).\u00a0 Those attending were able to do some sightseeing, were introduced to the park and CIC\u00b4s headquarters.<br>Once settled, the conference was inaugurated by Enric Tic\u00f3, President of Railgrup and Ram\u00f3n L\u00f3pez, CEO of CIC Consulting Inform\u00e1tico. <\/p>\n\n\n\n<p>The day was divided into 6 sessions, all dealing with different subjects: <strong>cybersecurity, mobility, monitoring, communications and the challenges facing large enterprises regarding mobility in the railway sector.<\/strong><\/p>\n\n\n\n<p><em><a aria-label=\" (abre en una nueva pesta\u00f1a)\" href=\"https:\/\/www.youtube.com\/watch?v=vCUI7brkJNA&amp;list=PLjRC9TAajifQrjvmg25ueA_sc20x_ERPm&amp;index=4&amp;t=0s\" target=\"_blank\" rel=\"noreferrer noopener\"><em>Bruno Espinar<\/em>,<\/a><\/em> Area Manager for Mobility 4.0 and Digital Innovation at RENFE, opened the proceedings talking about the transition that is taking place at RENFE, from being a traditional railway company to one where integral mobility is offered.\u00a0 He presented his company&#8217;s strategic plan for 2019-2023 that is based on the following pillars: The digital transformation, cultural transformation and strategic alliances.\u00a0 The latter is to be based upon a focus on the client, internationalization and security and efficiency.<\/p>\n\n\n\n<p><em><a aria-label=\" (abre en una nueva pesta\u00f1a)\" rel=\"noreferrer noopener\" href=\"https:\/\/www.youtube.com\/watch?v=IVCe99R5bnk&amp;index=5&amp;t=0s&amp;list=PLjRC9TAajifQrjvmg25ueA_sc20x_ERPm\" target=\"_blank\"><em>Francisco P\u00e9rez<\/em>, <\/a><\/em>SGRwin Product Manager, presented the Network Telecommunications Management System, <a href=\"https:\/\/www.sgrwin.com\/\" target=\"_blank\" rel=\"noreferrer noopener\">SGRwin<\/a>, directed at the railway sector, focusing on the need for better communications that would provide better geographic coverage, availability and sufficient bandwidth.<\/p>\n\n\n\n<p><em><a href=\"https:\/\/www.youtube.com\/watch?v=mkmhRwU4r1c&amp;index=5&amp;list=PLjRC9TAajifQrjvmg25ueA_sc20x_ERPm\" target=\"_blank\" rel=\"noreferrer noopener\">Oscar L\u00f3pez,<\/a><\/em> Director General at \u00a0<a href=\"https:\/\/www.fieldeas.com\/\" target=\"_blank\" rel=\"noreferrer noopener\">FIELDEAS <\/a>, gave us his perspectives of what&#8217;s behind field work activities.<\/p>\n\n\n\n<p><em><a href=\"https:\/\/www.youtube.com\/watch?v=nE7ZEW9UWbE&amp;list=PLjRC9TAajifQrjvmg25ueA_sc20x_ERPm&amp;index=7\" target=\"_blank\" rel=\"noreferrer noopener\">David Vilasack,<\/a><\/em> <a href=\"https:\/\/idboxrt.com\/\" target=\"_blank\" rel=\"noreferrer noopener\">IDboxRT <\/a>Product Manager and Monitoring Manager, talked about the integration platform he is in charge of, that integrates ocesses and analyses.\u00a0 During his presentation he showed the different components of IDboxRT.\u00a0 Finally, he invited everyone in assistance to come to Madrid Monitoring Day, an annual event dedicated to finding monitoring solutions and their application to industry, that takes place on June 13th in Madrid.<\/p>\n\n\n\n<p><em><a href=\"https:\/\/www.youtube.com\/watch?v=vrLZua_tTJk&amp;list=PLjRC9TAajifQrjvmg25ueA_sc20x_ERPm&amp;index=8\" target=\"_blank\" rel=\"noreferrer noopener\">Roberto Hidalgo<\/a><\/em>, Systems Manager at CIC, reinforced the notion that we are constantly using data and the digital transformation has to lead us to the protection of that data: personal data, customer data, supplier, operations\u2026.<\/p>\n\n\n\n<p><em><a href=\"https:\/\/www.youtube.com\/watch?v=QxLNZfbmfOY&amp;list=PLjRC9TAajifQrjvmg25ueA_sc20x_ERPm&amp;index=10\" target=\"_blank\" rel=\"noreferrer noopener\">Javier Iglesias<\/a><\/em>, Regional Key Account Manager in Spain , Portugal and North America markets for TALGO and <em>Javier Hinojal,<\/em> Business Development, Communications and Marketing Manager, at BOMBARDIER for Spain, spoke about the challenges facing the railways as a whole.\u00a0<\/p>\n\n\n\n<p>A very useful and fruitful day that concluded in the Hotel Real in Santander.<\/p>\n\n\n\n<p>To see a summary of the day&#8217;s events please go to:<\/p>\n\n\n\n<figure class=\"wp-block-embed is-type-video is-provider-youtube wp-block-embed-youtube wp-embed-aspect-16-9 wp-has-aspect-ratio\"><div class=\"wp-block-embed__wrapper\">\n<iframe loading=\"lazy\" title=\"Resumen Jornada i+D+I Open House organizada por CIC y Railgrup\" width=\"500\" height=\"281\" src=\"https:\/\/www.youtube.com\/embed\/zIgkxAJXldQ?start=2&#038;feature=oembed%22+frameborder%3D%220%22+allow%3D%22accelerometer%3B+autoplay%3B+clipboard-write%3B+encrypted-media%3B+gyroscope%3B+picture-in-picture%3B+web-share%22+referrerpolicy%3D%22strict-origin-when-cross-origin%22+allowfullscreen%3E%3C%2Fiframe%3E&#038;rel=0\n<\/div><\/figure>\n\n\n\n<figure class=\"wp-block-embed is-type-video is-provider-youtube wp-block-embed-youtube wp-embed-aspect-16-9 wp-has-aspect-ratio\"><div class=\"wp-block-embed__wrapper\">\n<iframe loading=\"lazy\" title=\"Recepci\u00f3n y bienvenida por parte de CIC y Presidente de Railgrup - Jornada T\u00e9cnica i+D+I Open House\" width=\"500\" height=\"281\" src=\"https:\/\/www.youtube.com\/embed\/tbELKvMAwzE?feature=oembed%22+frameborder%3D%220%22+allow%3D%22accelerometer%3B+autoplay%3B+clipboard-write%3B+encrypted-media%3B+gyroscope%3B+picture-in-picture%3B+web-share%22+referrerpolicy%3D%22strict-origin-when-cross-origin%22+allowfullscreen%3E%3C%2Fiframe%3E&#038;rel=0\n<\/div><\/figure>\n","protected":false},"excerpt":{"rendered":"<p>This past February 19th an R&amp;D Open House was held, where the future of technologies for mobility was studied. The conference was organized by Railgrup and CIC Consulting Inform\u00e1tico.\u00a0 Participants were able to share their knowledge, interact, help in the decision making process and enjoy a good day&#8217;s work. A&#8230;<\/p>\n","protected":false},"author":1,"featured_media":5921,"comment_status":"open","ping_status":"open","sticky":false,"template":"","format":"standard","meta":{"_acf_changed":false,"footnotes":""},"categories":[44],"tags":[],"class_list":["post-10455","post","type-post","status-publish","format-standard","has-post-thumbnail","hentry","category-blog-en"],"acf":[],"yoast_head":"<!-- This site is optimized with the Yoast SEO plugin v27.4 - https:\/\/yoast.com\/product\/yoast-seo-wordpress\/ -->\n<title>Conference on the Future of Adapted Technologies for Mobility<\/title>\n<meta name=\"description\" content=\"CIC and Railgrup have held the R+D+I Open House conference where the future of Technologies for Mobility\" \/>\n<meta name=\"robots\" content=\"index, follow, max-snippet:-1, max-image-preview:large, max-video-preview:-1\" \/>\n<link rel=\"canonical\" href=\"https:\/\/www.cic.es\/en\/the-future-of-adapted-technologies-for-mobility\/\" \/>\n<meta property=\"og:locale\" content=\"en_US\" \/>\n<meta property=\"og:type\" content=\"article\" \/>\n<meta property=\"og:title\" content=\"Conference on the Future of Adapted Technologies for Mobility\" \/>\n<meta property=\"og:description\" content=\"CIC and Railgrup have held the R+D+I Open House conference where the future of Technologies for Mobility\" \/>\n<meta property=\"og:url\" content=\"https:\/\/www.cic.es\/en\/the-future-of-adapted-technologies-for-mobility\/\" \/>\n<meta property=\"og:site_name\" content=\"CIC Consulting Inform\u00e1tico\" \/>\n<meta property=\"article:publisher\" content=\"https:\/\/www.facebook.com\/CIC.Consulting\/\" \/>\n<meta property=\"article:published_time\" content=\"2019-03-05T09:18:59+00:00\" \/>\n<meta property=\"article:modified_time\" content=\"2025-11-27T12:50:53+00:00\" \/>\n<meta property=\"og:image\" content=\"https:\/\/www.cic.es\/wp-content\/uploads\/2019\/03\/Railgrup-Jornada-tecnica-idi-open-house-CIC-asistentes2.jpg\" \/>\n\t<meta property=\"og:image:width\" content=\"1920\" \/>\n\t<meta property=\"og:image:height\" content=\"915\" \/>\n\t<meta property=\"og:image:type\" content=\"image\/jpeg\" \/>\n<meta name=\"author\" content=\"admin\" \/>\n<meta name=\"twitter:card\" content=\"summary_large_image\" \/>\n<meta name=\"twitter:creator\" content=\"@CICactualidad\" \/>\n<meta name=\"twitter:site\" content=\"@CICactualidad\" \/>\n<meta name=\"twitter:label1\" content=\"Written by\" \/>\n\t<meta name=\"twitter:data1\" content=\"admin\" \/>\n\t<meta name=\"twitter:label2\" content=\"Est. reading time\" \/>\n\t<meta name=\"twitter:data2\" content=\"2 minutes\" \/>\n<script type=\"application\/ld+json\" class=\"yoast-schema-graph\">{\"@context\":\"https:\\\/\\\/schema.org\",\"@graph\":[{\"@type\":\"Article\",\"@id\":\"https:\\\/\\\/www.cic.es\\\/en\\\/the-future-of-adapted-technologies-for-mobility\\\/#article\",\"isPartOf\":{\"@id\":\"https:\\\/\\\/www.cic.es\\\/en\\\/the-future-of-adapted-technologies-for-mobility\\\/\"},\"author\":{\"name\":\"admin\",\"@id\":\"https:\\\/\\\/www.cic.es\\\/#\\\/schema\\\/person\\\/8ad9f580c9e8b7546f4085fff6cc5366\"},\"headline\":\"Conference on the Future of Adapted Technologies for Mobility\",\"datePublished\":\"2019-03-05T09:18:59+00:00\",\"dateModified\":\"2025-11-27T12:50:53+00:00\",\"mainEntityOfPage\":{\"@id\":\"https:\\\/\\\/www.cic.es\\\/en\\\/the-future-of-adapted-technologies-for-mobility\\\/\"},\"wordCount\":464,\"commentCount\":0,\"publisher\":{\"@id\":\"https:\\\/\\\/www.cic.es\\\/#organization\"},\"image\":{\"@id\":\"https:\\\/\\\/www.cic.es\\\/en\\\/the-future-of-adapted-technologies-for-mobility\\\/#primaryimage\"},\"thumbnailUrl\":\"https:\\\/\\\/www.cic.es\\\/wp-content\\\/uploads\\\/2019\\\/03\\\/Railgrup-Jornada-tecnica-idi-open-house-CIC-asistentes2.jpg\",\"articleSection\":[\"Blog\"],\"inLanguage\":\"en-US\",\"potentialAction\":[{\"@type\":\"CommentAction\",\"name\":\"Comment\",\"target\":[\"https:\\\/\\\/www.cic.es\\\/en\\\/the-future-of-adapted-technologies-for-mobility\\\/#respond\"]}]},{\"@type\":\"WebPage\",\"@id\":\"https:\\\/\\\/www.cic.es\\\/en\\\/the-future-of-adapted-technologies-for-mobility\\\/\",\"url\":\"https:\\\/\\\/www.cic.es\\\/en\\\/the-future-of-adapted-technologies-for-mobility\\\/\",\"name\":\"Conference on the Future of Adapted Technologies for Mobility\",\"isPartOf\":{\"@id\":\"https:\\\/\\\/www.cic.es\\\/#website\"},\"primaryImageOfPage\":{\"@id\":\"https:\\\/\\\/www.cic.es\\\/en\\\/the-future-of-adapted-technologies-for-mobility\\\/#primaryimage\"},\"image\":{\"@id\":\"https:\\\/\\\/www.cic.es\\\/en\\\/the-future-of-adapted-technologies-for-mobility\\\/#primaryimage\"},\"thumbnailUrl\":\"https:\\\/\\\/www.cic.es\\\/wp-content\\\/uploads\\\/2019\\\/03\\\/Railgrup-Jornada-tecnica-idi-open-house-CIC-asistentes2.jpg\",\"datePublished\":\"2019-03-05T09:18:59+00:00\",\"dateModified\":\"2025-11-27T12:50:53+00:00\",\"description\":\"CIC and Railgrup have held the R+D+I Open House conference where the future of Technologies for Mobility\",\"breadcrumb\":{\"@id\":\"https:\\\/\\\/www.cic.es\\\/en\\\/the-future-of-adapted-technologies-for-mobility\\\/#breadcrumb\"},\"inLanguage\":\"en-US\",\"potentialAction\":[{\"@type\":\"ReadAction\",\"target\":[\"https:\\\/\\\/www.cic.es\\\/en\\\/the-future-of-adapted-technologies-for-mobility\\\/\"]}]},{\"@type\":\"ImageObject\",\"inLanguage\":\"en-US\",\"@id\":\"https:\\\/\\\/www.cic.es\\\/en\\\/the-future-of-adapted-technologies-for-mobility\\\/#primaryimage\",\"url\":\"https:\\\/\\\/www.cic.es\\\/wp-content\\\/uploads\\\/2019\\\/03\\\/Railgrup-Jornada-tecnica-idi-open-house-CIC-asistentes2.jpg\",\"contentUrl\":\"https:\\\/\\\/www.cic.es\\\/wp-content\\\/uploads\\\/2019\\\/03\\\/Railgrup-Jornada-tecnica-idi-open-house-CIC-asistentes2.jpg\",\"width\":1920,\"height\":915},{\"@type\":\"BreadcrumbList\",\"@id\":\"https:\\\/\\\/www.cic.es\\\/en\\\/the-future-of-adapted-technologies-for-mobility\\\/#breadcrumb\",\"itemListElement\":[{\"@type\":\"ListItem\",\"position\":1,\"name\":\"CIC\",\"item\":\"https:\\\/\\\/www.cic.es\\\/\"},{\"@type\":\"ListItem\",\"position\":2,\"name\":\"Conference on the Future of Adapted Technologies for Mobility\"}]},{\"@type\":\"WebSite\",\"@id\":\"https:\\\/\\\/www.cic.es\\\/#website\",\"url\":\"https:\\\/\\\/www.cic.es\\\/\",\"name\":\"CIC Consulting Inform\u00e1tico\",\"description\":\"Somos una consultor\u00eda de ingenier\u00eda de desarrollo y proyectos de inform\u00e1tica y comunicaciones\",\"publisher\":{\"@id\":\"https:\\\/\\\/www.cic.es\\\/#organization\"},\"alternateName\":\"CIC Consulting Inform\u00e1tico\",\"potentialAction\":[{\"@type\":\"SearchAction\",\"target\":{\"@type\":\"EntryPoint\",\"urlTemplate\":\"https:\\\/\\\/www.cic.es\\\/?s={search_term_string}\"},\"query-input\":{\"@type\":\"PropertyValueSpecification\",\"valueRequired\":true,\"valueName\":\"search_term_string\"}}],\"inLanguage\":\"en-US\"},{\"@type\":\"Organization\",\"@id\":\"https:\\\/\\\/www.cic.es\\\/#organization\",\"name\":\"CIC Consulting Inform\u00e1tico\",\"alternateName\":\"CIC Consulting Inform\u00e1tico\",\"url\":\"https:\\\/\\\/www.cic.es\\\/\",\"logo\":{\"@type\":\"ImageObject\",\"inLanguage\":\"en-US\",\"@id\":\"https:\\\/\\\/www.cic.es\\\/#\\\/schema\\\/logo\\\/image\\\/\",\"url\":\"https:\\\/\\\/www.cic.es\\\/wp-content\\\/uploads\\\/2018\\\/04\\\/cic_color.png\",\"contentUrl\":\"https:\\\/\\\/www.cic.es\\\/wp-content\\\/uploads\\\/2018\\\/04\\\/cic_color.png\",\"width\":300,\"height\":200,\"caption\":\"CIC Consulting Inform\u00e1tico\"},\"image\":{\"@id\":\"https:\\\/\\\/www.cic.es\\\/#\\\/schema\\\/logo\\\/image\\\/\"},\"sameAs\":[\"https:\\\/\\\/www.facebook.com\\\/CIC.Consulting\\\/\",\"https:\\\/\\\/x.com\\\/CICactualidad\",\"https:\\\/\\\/www.linkedin.com\\\/company\\\/2157627\\\/\",\"https:\\\/\\\/www.pinterest.es\\\/cicconsultinginformatico\\\/\",\"https:\\\/\\\/www.youtube.com\\\/user\\\/webmastercic\"]},{\"@type\":\"Person\",\"@id\":\"https:\\\/\\\/www.cic.es\\\/#\\\/schema\\\/person\\\/8ad9f580c9e8b7546f4085fff6cc5366\",\"name\":\"admin\",\"image\":{\"@type\":\"ImageObject\",\"inLanguage\":\"en-US\",\"@id\":\"https:\\\/\\\/secure.gravatar.com\\\/avatar\\\/1fef035bc461d0c8c1507aca99f1b0f8836b72b1a3ac903af543e31c1744a47e?s=96&d=mm&r=g\",\"url\":\"https:\\\/\\\/secure.gravatar.com\\\/avatar\\\/1fef035bc461d0c8c1507aca99f1b0f8836b72b1a3ac903af543e31c1744a47e?s=96&d=mm&r=g\",\"contentUrl\":\"https:\\\/\\\/secure.gravatar.com\\\/avatar\\\/1fef035bc461d0c8c1507aca99f1b0f8836b72b1a3ac903af543e31c1744a47e?s=96&d=mm&r=g\",\"caption\":\"admin\"},\"url\":\"https:\\\/\\\/www.cic.es\\\/en\\\/author\\\/3f4bc7c737\\\/\"}]}<\/script>\n<!-- \/ Yoast SEO plugin. -->","yoast_head_json":{"title":"Conference on the Future of Adapted Technologies for Mobility","description":"CIC and Railgrup have held the R+D+I Open House conference where the future of Technologies for Mobility","robots":{"index":"index","follow":"follow","max-snippet":"max-snippet:-1","max-image-preview":"max-image-preview:large","max-video-preview":"max-video-preview:-1"},"canonical":"https:\/\/www.cic.es\/en\/the-future-of-adapted-technologies-for-mobility\/","og_locale":"en_US","og_type":"article","og_title":"Conference on the Future of Adapted Technologies for Mobility","og_description":"CIC and Railgrup have held the R+D+I Open House conference where the future of Technologies for Mobility","og_url":"https:\/\/www.cic.es\/en\/the-future-of-adapted-technologies-for-mobility\/","og_site_name":"CIC Consulting Inform\u00e1tico","article_publisher":"https:\/\/www.facebook.com\/CIC.Consulting\/","article_published_time":"2019-03-05T09:18:59+00:00","article_modified_time":"2025-11-27T12:50:53+00:00","og_image":[{"width":1920,"height":915,"url":"https:\/\/www.cic.es\/wp-content\/uploads\/2019\/03\/Railgrup-Jornada-tecnica-idi-open-house-CIC-asistentes2.jpg","type":"image\/jpeg"}],"author":"admin","twitter_card":"summary_large_image","twitter_creator":"@CICactualidad","twitter_site":"@CICactualidad","twitter_misc":{"Written by":"admin","Est. reading time":"2 minutes"},"schema":{"@context":"https:\/\/schema.org","@graph":[{"@type":"Article","@id":"https:\/\/www.cic.es\/en\/the-future-of-adapted-technologies-for-mobility\/#article","isPartOf":{"@id":"https:\/\/www.cic.es\/en\/the-future-of-adapted-technologies-for-mobility\/"},"author":{"name":"admin","@id":"https:\/\/www.cic.es\/#\/schema\/person\/8ad9f580c9e8b7546f4085fff6cc5366"},"headline":"Conference on the Future of Adapted Technologies for Mobility","datePublished":"2019-03-05T09:18:59+00:00","dateModified":"2025-11-27T12:50:53+00:00","mainEntityOfPage":{"@id":"https:\/\/www.cic.es\/en\/the-future-of-adapted-technologies-for-mobility\/"},"wordCount":464,"commentCount":0,"publisher":{"@id":"https:\/\/www.cic.es\/#organization"},"image":{"@id":"https:\/\/www.cic.es\/en\/the-future-of-adapted-technologies-for-mobility\/#primaryimage"},"thumbnailUrl":"https:\/\/www.cic.es\/wp-content\/uploads\/2019\/03\/Railgrup-Jornada-tecnica-idi-open-house-CIC-asistentes2.jpg","articleSection":["Blog"],"inLanguage":"en-US","potentialAction":[{"@type":"CommentAction","name":"Comment","target":["https:\/\/www.cic.es\/en\/the-future-of-adapted-technologies-for-mobility\/#respond"]}]},{"@type":"WebPage","@id":"https:\/\/www.cic.es\/en\/the-future-of-adapted-technologies-for-mobility\/","url":"https:\/\/www.cic.es\/en\/the-future-of-adapted-technologies-for-mobility\/","name":"Conference on the Future of Adapted Technologies for Mobility","isPartOf":{"@id":"https:\/\/www.cic.es\/#website"},"primaryImageOfPage":{"@id":"https:\/\/www.cic.es\/en\/the-future-of-adapted-technologies-for-mobility\/#primaryimage"},"image":{"@id":"https:\/\/www.cic.es\/en\/the-future-of-adapted-technologies-for-mobility\/#primaryimage"},"thumbnailUrl":"https:\/\/www.cic.es\/wp-content\/uploads\/2019\/03\/Railgrup-Jornada-tecnica-idi-open-house-CIC-asistentes2.jpg","datePublished":"2019-03-05T09:18:59+00:00","dateModified":"2025-11-27T12:50:53+00:00","description":"CIC and Railgrup have held the R+D+I Open House conference where the future of Technologies for Mobility","breadcrumb":{"@id":"https:\/\/www.cic.es\/en\/the-future-of-adapted-technologies-for-mobility\/#breadcrumb"},"inLanguage":"en-US","potentialAction":[{"@type":"ReadAction","target":["https:\/\/www.cic.es\/en\/the-future-of-adapted-technologies-for-mobility\/"]}]},{"@type":"ImageObject","inLanguage":"en-US","@id":"https:\/\/www.cic.es\/en\/the-future-of-adapted-technologies-for-mobility\/#primaryimage","url":"https:\/\/www.cic.es\/wp-content\/uploads\/2019\/03\/Railgrup-Jornada-tecnica-idi-open-house-CIC-asistentes2.jpg","contentUrl":"https:\/\/www.cic.es\/wp-content\/uploads\/2019\/03\/Railgrup-Jornada-tecnica-idi-open-house-CIC-asistentes2.jpg","width":1920,"height":915},{"@type":"BreadcrumbList","@id":"https:\/\/www.cic.es\/en\/the-future-of-adapted-technologies-for-mobility\/#breadcrumb","itemListElement":[{"@type":"ListItem","position":1,"name":"CIC","item":"https:\/\/www.cic.es\/"},{"@type":"ListItem","position":2,"name":"Conference on the Future of Adapted Technologies for Mobility"}]},{"@type":"WebSite","@id":"https:\/\/www.cic.es\/#website","url":"https:\/\/www.cic.es\/","name":"CIC Consulting Inform\u00e1tico","description":"Somos una consultor\u00eda de ingenier\u00eda de desarrollo y proyectos de inform\u00e1tica y comunicaciones","publisher":{"@id":"https:\/\/www.cic.es\/#organization"},"alternateName":"CIC Consulting Inform\u00e1tico","potentialAction":[{"@type":"SearchAction","target":{"@type":"EntryPoint","urlTemplate":"https:\/\/www.cic.es\/?s={search_term_string}"},"query-input":{"@type":"PropertyValueSpecification","valueRequired":true,"valueName":"search_term_string"}}],"inLanguage":"en-US"},{"@type":"Organization","@id":"https:\/\/www.cic.es\/#organization","name":"CIC Consulting Inform\u00e1tico","alternateName":"CIC Consulting Inform\u00e1tico","url":"https:\/\/www.cic.es\/","logo":{"@type":"ImageObject","inLanguage":"en-US","@id":"https:\/\/www.cic.es\/#\/schema\/logo\/image\/","url":"https:\/\/www.cic.es\/wp-content\/uploads\/2018\/04\/cic_color.png","contentUrl":"https:\/\/www.cic.es\/wp-content\/uploads\/2018\/04\/cic_color.png","width":300,"height":200,"caption":"CIC Consulting Inform\u00e1tico"},"image":{"@id":"https:\/\/www.cic.es\/#\/schema\/logo\/image\/"},"sameAs":["https:\/\/www.facebook.com\/CIC.Consulting\/","https:\/\/x.com\/CICactualidad","https:\/\/www.linkedin.com\/company\/2157627\/","https:\/\/www.pinterest.es\/cicconsultinginformatico\/","https:\/\/www.youtube.com\/user\/webmastercic"]},{"@type":"Person","@id":"https:\/\/www.cic.es\/#\/schema\/person\/8ad9f580c9e8b7546f4085fff6cc5366","name":"admin","image":{"@type":"ImageObject","inLanguage":"en-US","@id":"https:\/\/secure.gravatar.com\/avatar\/1fef035bc461d0c8c1507aca99f1b0f8836b72b1a3ac903af543e31c1744a47e?s=96&d=mm&r=g","url":"https:\/\/secure.gravatar.com\/avatar\/1fef035bc461d0c8c1507aca99f1b0f8836b72b1a3ac903af543e31c1744a47e?s=96&d=mm&r=g","contentUrl":"https:\/\/secure.gravatar.com\/avatar\/1fef035bc461d0c8c1507aca99f1b0f8836b72b1a3ac903af543e31c1744a47e?s=96&d=mm&r=g","caption":"admin"},"url":"https:\/\/www.cic.es\/en\/author\/3f4bc7c737\/"}]}},"_links":{"self":[{"href":"https:\/\/www.cic.es\/en\/wp-json\/wp\/v2\/posts\/10455","targetHints":{"allow":["GET"]}}],"collection":[{"href":"https:\/\/www.cic.es\/en\/wp-json\/wp\/v2\/posts"}],"about":[{"href":"https:\/\/www.cic.es\/en\/wp-json\/wp\/v2\/types\/post"}],"author":[{"embeddable":true,"href":"https:\/\/www.cic.es\/en\/wp-json\/wp\/v2\/users\/1"}],"replies":[{"embeddable":true,"href":"https:\/\/www.cic.es\/en\/wp-json\/wp\/v2\/comments?post=10455"}],"version-history":[{"count":2,"href":"https:\/\/www.cic.es\/en\/wp-json\/wp\/v2\/posts\/10455\/revisions"}],"predecessor-version":[{"id":10458,"href":"https:\/\/www.cic.es\/en\/wp-json\/wp\/v2\/posts\/10455\/revisions\/10458"}],"wp:featuredmedia":[{"embeddable":true,"href":"https:\/\/www.cic.es\/en\/wp-json\/wp\/v2\/media\/5921"}],"wp:attachment":[{"href":"https:\/\/www.cic.es\/en\/wp-json\/wp\/v2\/media?parent=10455"}],"wp:term":[{"taxonomy":"category","embeddable":true,"href":"https:\/\/www.cic.es\/en\/wp-json\/wp\/v2\/categories?post=10455"},{"taxonomy":"post_tag","embeddable":true,"href":"https:\/\/www.cic.es\/en\/wp-json\/wp\/v2\/tags?post=10455"}],"curies":[{"name":"wp","href":"https:\/\/api.w.org\/{rel}","templated":true}]}}